{"id":745,"date":"2018-10-09T14:19:29","date_gmt":"2018-10-09T11:19:29","guid":{"rendered":"https:\/\/rentier.io\/blog\/?p=745"},"modified":"2018-10-09T14:19:29","modified_gmt":"2018-10-09T11:19:29","slug":"analiza-rynku-mieszkan-na-wynajem-w-polsce","status":"publish","type":"post","link":"https:\/\/blog.rentier.io\/analiza-rynku-mieszkan-na-wynajem-w-polsce\/","title":{"rendered":"Analiza rynku mieszka\u0144 na wynajem w Polsce Wrzesie\u0144 2018"},"content":{"rendered":"<p>Poni\u017csza analiza rynku mieszka\u0144 na wynajem zosta\u0142a przygotowana dla danych dotycz\u0105cych og\u0142osze\u0144 mieszka\u0144 na wynajem w kilku najwi\u0119kszych miastach Polski za okres od czerwca do wrze\u015bnia 2018.<\/p>\n<p><em>Je\u015bli jeste\u015b zainteresowany raportem za p\u00f3\u017aniejszy okres kliknij i zapoznaj si\u0119 z <strong><a href=\"https:\/\/rentier.io\/blog\/analiza-rynku-mieszkan-na-wynajem-4q-18\">analiz\u0105 rynku mieszka\u0144 za okres od pa\u017adziernika do grudnia 2018<\/a><\/strong>. <\/em><\/p>\n<p>Algorytm Rentiera pracuje na danych dotycz\u0105cych ponad 2,5 miliona og\u0142osze\u0144. Oto obszary Polski z mieszkaniami na wynajem, kt\u00f3re zosta\u0142y uwzgl\u0119dnione w raporcie:<\/p>\n<div class=\"wp-image-article\"><img loading=\"lazy\" decoding=\"async\" data-attachment-id=\"746\" data-permalink=\"https:\/\/blog.rentier.io\/analiza-rynku-mieszkan-na-wynajem-w-polsce\/attachment\/1\/\" data-orig-file=\"https:\/\/blog.rentier.io\/wp-content\/uploads\/2018\/10\/1.png\" data-orig-size=\"672,480\" data-comments-opened=\"1\" data-image-meta=\"{&quot;aperture&quot;:&quot;0&quot;,&quot;credit&quot;:&quot;&quot;,&quot;camera&quot;:&quot;&quot;,&quot;caption&quot;:&quot;&quot;,&quot;created_timestamp&quot;:&quot;0&quot;,&quot;copyright&quot;:&quot;&quot;,&quot;focal_length&quot;:&quot;0&quot;,&quot;iso&quot;:&quot;0&quot;,&quot;shutter_speed&quot;:&quot;0&quot;,&quot;title&quot;:&quot;&quot;,&quot;orientation&quot;:&quot;0&quot;}\" data-image-title=\"1\" data-image-description=\"\" data-image-caption=\"\" data-large-file=\"https:\/\/blog.rentier.io\/wp-content\/uploads\/2018\/10\/1.png\" class=\"aligncenter wp-image-746 size-full\" title=\"analiza rynku mieszka\u0144\" src=\"https:\/\/blog.rentier.io\/wp-content\/uploads\/2018\/10\/1.png\" alt=\"analiza rynku mieszka\u0144\" width=\"672\" height=\"480\" srcset=\"https:\/\/blog.rentier.io\/wp-content\/uploads\/2018\/10\/1.png 672w, https:\/\/blog.rentier.io\/wp-content\/uploads\/2018\/10\/1-300x214.png 300w\" sizes=\"auto, (max-width: 672px) 100vw, 672px\" \/><\/div>\n<div>\n<p>W raporcie przedstawiono sytuacj\u0119 na rynku mieszka\u0144 na wynajem w kluczowych polskich miastach: \u00a0Warszawie, Krakowie, Wroc\u0142awiu, Gda\u0144sku, Poznaniu, Katowicach i \u0141odzi. Ponad po\u0142owa analizowanych og\u0142osze\u0144 dotyczy\u0142a samej Warszawy. Na drugim miejscu plasuje si\u0119 Krak\u00f3w, kt\u00f3rego dotyczy jedna czwarta og\u0142osze\u0144. Podium zamyka Wroc\u0142aw z o\u015bmioprocentowym udzia\u0142em.<\/p>\n<\/div>\n<div class=\"wp-image-article\">\n<div class=\"wp-image-article\"><img loading=\"lazy\" decoding=\"async\" data-attachment-id=\"755\" data-permalink=\"https:\/\/blog.rentier.io\/analiza-rynku-mieszkan-na-wynajem-w-polsce\/2-2\/\" data-orig-file=\"https:\/\/blog.rentier.io\/wp-content\/uploads\/2018\/10\/2-1.png\" data-orig-size=\"575,357\" data-comments-opened=\"1\" data-image-meta=\"{&quot;aperture&quot;:&quot;0&quot;,&quot;credit&quot;:&quot;&quot;,&quot;camera&quot;:&quot;&quot;,&quot;caption&quot;:&quot;&quot;,&quot;created_timestamp&quot;:&quot;0&quot;,&quot;copyright&quot;:&quot;&quot;,&quot;focal_length&quot;:&quot;0&quot;,&quot;iso&quot;:&quot;0&quot;,&quot;shutter_speed&quot;:&quot;0&quot;,&quot;title&quot;:&quot;&quot;,&quot;orientation&quot;:&quot;0&quot;}\" data-image-title=\"2\" data-image-description=\"\" data-image-caption=\"\" data-large-file=\"https:\/\/blog.rentier.io\/wp-content\/uploads\/2018\/10\/2-1.png\" class=\"aligncenter wp-image-755 size-full\" title=\"analiza rynku mieszka\u0144\" src=\"https:\/\/blog.rentier.io\/wp-content\/uploads\/2018\/10\/2-1.png\" alt=\"analiza rynku mieszka\u0144\" width=\"575\" height=\"357\" srcset=\"https:\/\/blog.rentier.io\/wp-content\/uploads\/2018\/10\/2-1.png 575w, https:\/\/blog.rentier.io\/wp-content\/uploads\/2018\/10\/2-1-300x186.png 300w\" sizes=\"auto, (max-width: 575px) 100vw, 575px\" \/><\/div>\n<\/div>\n<div>\n<h2>Analiza rynku mieszka\u0144<\/h2>\n<p>Poni\u017cej przedstawiono najpopularniejsze rozmiary mieszka\u0144 w analizowanych ofertach. Pomara\u0144czowa prosta przedstawia median\u0119, natomiast zielona &#8211; \u015bredni\u0105. Na wykresie wyra\u017anie wida\u0107, i\u017c najwi\u0119cej og\u0142osze\u0144 dotyczy miesza\u0144 o powierzchni poni\u017cej 60 metr\u00f3w kwadratowych. Najwi\u0119cej ofert znajdziemy dla mieszka\u0144 w przedziale 45-55 metr\u00f3w, bo a\u017c 13% wszystkich og\u0142osze\u0144 stanowi taki metra\u017c. Na poziomej osi poni\u017cszego wykresu przedstawiono metra\u017c mieszkania. Natomiast pionowa o\u015b przedstawia popularno\u015b\u0107 danego metra\u017cu, czyli procentowy udzia\u0142 mieszka\u0144 z danym metra\u017cem w bazie wszystkich mieszka\u0144.<\/p>\n<div class=\"wp-image-article\"><img loading=\"lazy\" decoding=\"async\" data-attachment-id=\"750\" data-permalink=\"https:\/\/blog.rentier.io\/analiza-rynku-mieszkan-na-wynajem-w-polsce\/attachment\/3\/\" data-orig-file=\"https:\/\/blog.rentier.io\/wp-content\/uploads\/2018\/10\/3.png\" data-orig-size=\"672,480\" data-comments-opened=\"1\" data-image-meta=\"{&quot;aperture&quot;:&quot;0&quot;,&quot;credit&quot;:&quot;&quot;,&quot;camera&quot;:&quot;&quot;,&quot;caption&quot;:&quot;&quot;,&quot;created_timestamp&quot;:&quot;0&quot;,&quot;copyright&quot;:&quot;&quot;,&quot;focal_length&quot;:&quot;0&quot;,&quot;iso&quot;:&quot;0&quot;,&quot;shutter_speed&quot;:&quot;0&quot;,&quot;title&quot;:&quot;&quot;,&quot;orientation&quot;:&quot;0&quot;}\" data-image-title=\"3\" data-image-description=\"\" data-image-caption=\"\" data-large-file=\"https:\/\/blog.rentier.io\/wp-content\/uploads\/2018\/10\/3.png\" class=\"aligncenter wp-image-750 size-full\" title=\"analiza rynku mieszka\u0144\" src=\"https:\/\/blog.rentier.io\/wp-content\/uploads\/2018\/10\/3.png\" alt=\"analiza rynku mieszka\u0144\" width=\"672\" height=\"480\" srcset=\"https:\/\/blog.rentier.io\/wp-content\/uploads\/2018\/10\/3.png 672w, https:\/\/blog.rentier.io\/wp-content\/uploads\/2018\/10\/3-300x214.png 300w\" sizes=\"auto, (max-width: 672px) 100vw, 672px\" \/><\/div>\n<div>\n<p>Kolejny wykres przedstawia miesi\u0119czn\u0105 cen\u0119 za wynajem. Na poziomej osi poni\u017cszego wykresu przedstawiono cen\u0119 wynajmu mieszkania. Natomiast pionowa o\u015b przedstawia popularno\u015b\u0107 danej ceny, czyli procentowy udzia\u0142 mieszka\u0144 z dan\u0105 cen\u0105 w bazie wszystkich mieszka\u0144. Nast\u0119pny wykres jest analogiczny &#8211; z t\u0105 r\u00f3\u017cnic\u0105, \u017ce przedstawiono na nim cen\u0119 za wynajem w przeliczeniu na metr kwadratowy. Ponad 14% og\u0142osze\u0144 zawiera ofert\u0119 wynajmu mieszkania za oko\u0142o 2 500 PLN.<\/p>\n<p>Zatem niniejsza analiza rynku mieszka\u0144 wskazuje, i\u017c inwestorzy w nieruchomo\u015bci na wynajem najcz\u0119\u015bciej decyduj\u0105 si\u0119 na mieszkania miesz\u0105ce si\u0119 przedziale 35-55 metr\u00f3w, kt\u00f3re zostaj\u0105 wystawione na portalach og\u0142oszeniowych najcz\u0119\u015bciej za oko\u0142o 2 000 PLN.<\/p>\n<div class=\"wp-image-article\"><img loading=\"lazy\" decoding=\"async\" data-attachment-id=\"751\" data-permalink=\"https:\/\/blog.rentier.io\/analiza-rynku-mieszkan-na-wynajem-w-polsce\/attachment\/4\/\" data-orig-file=\"https:\/\/blog.rentier.io\/wp-content\/uploads\/2018\/10\/4.png\" data-orig-size=\"672,480\" data-comments-opened=\"1\" data-image-meta=\"{&quot;aperture&quot;:&quot;0&quot;,&quot;credit&quot;:&quot;&quot;,&quot;camera&quot;:&quot;&quot;,&quot;caption&quot;:&quot;&quot;,&quot;created_timestamp&quot;:&quot;0&quot;,&quot;copyright&quot;:&quot;&quot;,&quot;focal_length&quot;:&quot;0&quot;,&quot;iso&quot;:&quot;0&quot;,&quot;shutter_speed&quot;:&quot;0&quot;,&quot;title&quot;:&quot;&quot;,&quot;orientation&quot;:&quot;0&quot;}\" data-image-title=\"4\" data-image-description=\"\" data-image-caption=\"\" data-large-file=\"https:\/\/blog.rentier.io\/wp-content\/uploads\/2018\/10\/4.png\" class=\"aligncenter wp-image-751 size-full\" title=\"analiza rynku mieszka\u0144\" src=\"https:\/\/blog.rentier.io\/wp-content\/uploads\/2018\/10\/4.png\" alt=\"analiza rynku mieszka\u0144\" width=\"672\" height=\"480\" srcset=\"https:\/\/blog.rentier.io\/wp-content\/uploads\/2018\/10\/4.png 672w, https:\/\/blog.rentier.io\/wp-content\/uploads\/2018\/10\/4-300x214.png 300w\" sizes=\"auto, (max-width: 672px) 100vw, 672px\" \/><\/div>\n<div>\n<div class=\"wp-image-article\"><img loading=\"lazy\" decoding=\"async\" data-attachment-id=\"752\" data-permalink=\"https:\/\/blog.rentier.io\/analiza-rynku-mieszkan-na-wynajem-w-polsce\/attachment\/5\/\" data-orig-file=\"https:\/\/blog.rentier.io\/wp-content\/uploads\/2018\/10\/5.png\" data-orig-size=\"672,480\" data-comments-opened=\"1\" data-image-meta=\"{&quot;aperture&quot;:&quot;0&quot;,&quot;credit&quot;:&quot;&quot;,&quot;camera&quot;:&quot;&quot;,&quot;caption&quot;:&quot;&quot;,&quot;created_timestamp&quot;:&quot;0&quot;,&quot;copyright&quot;:&quot;&quot;,&quot;focal_length&quot;:&quot;0&quot;,&quot;iso&quot;:&quot;0&quot;,&quot;shutter_speed&quot;:&quot;0&quot;,&quot;title&quot;:&quot;&quot;,&quot;orientation&quot;:&quot;0&quot;}\" data-image-title=\"5\" data-image-description=\"\" data-image-caption=\"\" data-large-file=\"https:\/\/blog.rentier.io\/wp-content\/uploads\/2018\/10\/5.png\" class=\"aligncenter wp-image-752 size-full\" title=\"analiza rynku mieszka\u0144\" src=\"https:\/\/blog.rentier.io\/wp-content\/uploads\/2018\/10\/5.png\" alt=\"analiza rynku mieszka\u0144\" width=\"672\" height=\"480\" srcset=\"https:\/\/blog.rentier.io\/wp-content\/uploads\/2018\/10\/5.png 672w, https:\/\/blog.rentier.io\/wp-content\/uploads\/2018\/10\/5-300x214.png 300w\" sizes=\"auto, (max-width: 672px) 100vw, 672px\" \/><\/div>\n<div>\n<p>Nast\u0119pnie przeprowadzono analiz\u0119 pod wzgl\u0119dem liczby pi\u0119ter. Warto zauwa\u017cy\u0107, mieszkania na pierwszym i drugim pi\u0119trze to odpowiednio 20% i 19% wszystkich og\u0142osze\u0144. Tabela ta wskazuje na popularno\u015b\u0107 w\u015br\u00f3d inwestor\u00f3w w mieszkania na wynajem mieszka\u0144 po\u0142o\u017conych na ni\u017cszych pi\u0119trach. Wynika to z faktu, \u017ce im wy\u017csze pi\u0119tro tym wy\u017csza cena za metr. Wyj\u0105tkiem s\u0105 mieszkania na parterze, kt\u00f3re stanowi\u0105 niespe\u0142na 8% wszystkich mieszka\u0144. Powody ni\u017cszej popularno\u015bci mieszka\u0144 na wynajem na parterze mog\u0105 by\u0107 r\u00f3\u017cne. Cz\u0119\u015b\u0107 najemc\u00f3w uwa\u017ca mieszkania na parterze za mniej bezpieczne, szczeg\u00f3lnie w blokach lub starym budownictwie. Z drugiej strony na rynku pierwotnym cz\u0119sto mieszkania parterowe posiadaj\u0105 niewielki ogr\u00f3dek, kt\u00f3ry cz\u0119\u015b\u0107 inwestor\u00f3w uwa\u017ca za zb\u0119dny koszt i dlatego decyduj\u0105 si\u0119 na zakup ta\u0144szego mieszkania o takim samym metra\u017cu na pi\u0119trze 1 lub 2.<\/p>\n<div class=\"wp-image-article\"><img loading=\"lazy\" decoding=\"async\" data-attachment-id=\"753\" data-permalink=\"https:\/\/blog.rentier.io\/analiza-rynku-mieszkan-na-wynajem-w-polsce\/attachment\/6\/\" data-orig-file=\"https:\/\/blog.rentier.io\/wp-content\/uploads\/2018\/10\/6.png\" data-orig-size=\"602,571\" data-comments-opened=\"1\" data-image-meta=\"{&quot;aperture&quot;:&quot;0&quot;,&quot;credit&quot;:&quot;&quot;,&quot;camera&quot;:&quot;&quot;,&quot;caption&quot;:&quot;&quot;,&quot;created_timestamp&quot;:&quot;0&quot;,&quot;copyright&quot;:&quot;&quot;,&quot;focal_length&quot;:&quot;0&quot;,&quot;iso&quot;:&quot;0&quot;,&quot;shutter_speed&quot;:&quot;0&quot;,&quot;title&quot;:&quot;&quot;,&quot;orientation&quot;:&quot;0&quot;}\" data-image-title=\"6\" data-image-description=\"\" data-image-caption=\"\" data-large-file=\"https:\/\/blog.rentier.io\/wp-content\/uploads\/2018\/10\/6.png\" class=\"aligncenter wp-image-753 size-full\" title=\"analiza rynku mieszka\u0144\" src=\"https:\/\/blog.rentier.io\/wp-content\/uploads\/2018\/10\/6.png\" alt=\"analiza rynku mieszka\u0144\" width=\"602\" height=\"571\" srcset=\"https:\/\/blog.rentier.io\/wp-content\/uploads\/2018\/10\/6.png 602w, https:\/\/blog.rentier.io\/wp-content\/uploads\/2018\/10\/6-300x285.png 300w\" sizes=\"auto, (max-width: 602px) 100vw, 602px\" \/><\/div>\n<div>\n<p>Poni\u017cej przedstawiono liczb\u0119 pi\u0119ter na wykresie:<\/p>\n<div class=\"wp-image-article\"><img loading=\"lazy\" decoding=\"async\" data-attachment-id=\"756\" data-permalink=\"https:\/\/blog.rentier.io\/analiza-rynku-mieszkan-na-wynajem-w-polsce\/attachment\/7\/\" data-orig-file=\"https:\/\/blog.rentier.io\/wp-content\/uploads\/2018\/10\/7.png\" data-orig-size=\"672,480\" data-comments-opened=\"1\" data-image-meta=\"{&quot;aperture&quot;:&quot;0&quot;,&quot;credit&quot;:&quot;&quot;,&quot;camera&quot;:&quot;&quot;,&quot;caption&quot;:&quot;&quot;,&quot;created_timestamp&quot;:&quot;0&quot;,&quot;copyright&quot;:&quot;&quot;,&quot;focal_length&quot;:&quot;0&quot;,&quot;iso&quot;:&quot;0&quot;,&quot;shutter_speed&quot;:&quot;0&quot;,&quot;title&quot;:&quot;&quot;,&quot;orientation&quot;:&quot;0&quot;}\" data-image-title=\"7\" data-image-description=\"\" data-image-caption=\"\" data-large-file=\"https:\/\/blog.rentier.io\/wp-content\/uploads\/2018\/10\/7.png\" class=\"aligncenter wp-image-756 size-full\" title=\"analiza rynku mieszka\u0144\" src=\"https:\/\/blog.rentier.io\/wp-content\/uploads\/2018\/10\/7.png\" alt=\"analiza rynku mieszka\u0144\" width=\"672\" height=\"480\" srcset=\"https:\/\/blog.rentier.io\/wp-content\/uploads\/2018\/10\/7.png 672w, https:\/\/blog.rentier.io\/wp-content\/uploads\/2018\/10\/7-300x214.png 300w\" sizes=\"auto, (max-width: 672px) 100vw, 672px\" \/><\/div>\n<div>\n<p>A tak prezentuje si\u0119 liczba pokoi:<\/p>\n<div class=\"wp-image-article\"><img loading=\"lazy\" decoding=\"async\" data-attachment-id=\"757\" data-permalink=\"https:\/\/blog.rentier.io\/analiza-rynku-mieszkan-na-wynajem-w-polsce\/attachment\/8\/\" data-orig-file=\"https:\/\/blog.rentier.io\/wp-content\/uploads\/2018\/10\/8.png\" data-orig-size=\"672,480\" data-comments-opened=\"1\" data-image-meta=\"{&quot;aperture&quot;:&quot;0&quot;,&quot;credit&quot;:&quot;&quot;,&quot;camera&quot;:&quot;&quot;,&quot;caption&quot;:&quot;&quot;,&quot;created_timestamp&quot;:&quot;0&quot;,&quot;copyright&quot;:&quot;&quot;,&quot;focal_length&quot;:&quot;0&quot;,&quot;iso&quot;:&quot;0&quot;,&quot;shutter_speed&quot;:&quot;0&quot;,&quot;title&quot;:&quot;&quot;,&quot;orientation&quot;:&quot;0&quot;}\" data-image-title=\"8\" data-image-description=\"\" data-image-caption=\"\" data-large-file=\"https:\/\/blog.rentier.io\/wp-content\/uploads\/2018\/10\/8.png\" class=\"aligncenter wp-image-757 size-full\" title=\"analiza rynku mieszka\u0144\" src=\"https:\/\/blog.rentier.io\/wp-content\/uploads\/2018\/10\/8.png\" alt=\"analiza rynku mieszka\u0144\" width=\"672\" height=\"480\" srcset=\"https:\/\/blog.rentier.io\/wp-content\/uploads\/2018\/10\/8.png 672w, https:\/\/blog.rentier.io\/wp-content\/uploads\/2018\/10\/8-300x214.png 300w\" sizes=\"auto, (max-width: 672px) 100vw, 672px\" \/><\/div>\n<div>\n<h2>Analiza rynku mieszka\u0144 per miasto<\/h2>\n<p>Poni\u017cej przedstawiono analiz\u0119 dla kilku kluczowych miast Polski. Na wykresie widoczny jest procentowy udzia\u0142 mieszka\u0144 o poszczeg\u00f3lnej liczbie pokoi. Wyra\u017anie wida\u0107, i\u017c najwi\u0119kszy udzia\u0142 procentowy kawalerek jest w Poznaniu i Katowicach. W ka\u017cdym z miast dominuj\u0105 mieszkania dwupokojowe. Du\u017cych mieszka\u0144 jest procentowo najwi\u0119cej w Warszawie.<\/p>\n<div class=\"wp-image-article\"><img loading=\"lazy\" decoding=\"async\" data-attachment-id=\"759\" data-permalink=\"https:\/\/blog.rentier.io\/analiza-rynku-mieszkan-na-wynajem-w-polsce\/attachment\/9\/\" data-orig-file=\"https:\/\/blog.rentier.io\/wp-content\/uploads\/2018\/10\/9.png\" data-orig-size=\"672,480\" data-comments-opened=\"1\" data-image-meta=\"{&quot;aperture&quot;:&quot;0&quot;,&quot;credit&quot;:&quot;&quot;,&quot;camera&quot;:&quot;&quot;,&quot;caption&quot;:&quot;&quot;,&quot;created_timestamp&quot;:&quot;0&quot;,&quot;copyright&quot;:&quot;&quot;,&quot;focal_length&quot;:&quot;0&quot;,&quot;iso&quot;:&quot;0&quot;,&quot;shutter_speed&quot;:&quot;0&quot;,&quot;title&quot;:&quot;&quot;,&quot;orientation&quot;:&quot;0&quot;}\" data-image-title=\"9\" data-image-description=\"\" data-image-caption=\"\" data-large-file=\"https:\/\/blog.rentier.io\/wp-content\/uploads\/2018\/10\/9.png\" class=\"aligncenter wp-image-759 size-full\" title=\"analiza rynku mieszka\u0144\" src=\"https:\/\/blog.rentier.io\/wp-content\/uploads\/2018\/10\/9.png\" alt=\"analiza rynku mieszka\u0144\" width=\"672\" height=\"480\" srcset=\"https:\/\/blog.rentier.io\/wp-content\/uploads\/2018\/10\/9.png 672w, https:\/\/blog.rentier.io\/wp-content\/uploads\/2018\/10\/9-300x214.png 300w\" sizes=\"auto, (max-width: 672px) 100vw, 672px\" \/><\/div>\n<div>\n<p>Poni\u017cej przedstawiono przedzia\u0142y powierzchni mieszkania per miasto. Na podstawie poni\u017cszego wykresu mo\u017cna wyci\u0105gn\u0105\u0107 podobne wnioski, jak z powy\u017cszego wykresu. Najmniejsze mieszkania (o powierzchni 38 metr\u00f3w kwadratowych i mniejszej) najwi\u0119kszy udzia\u0142 maj\u0105 w Poznaniu i Katowicach. Dla Warszawy charakterystyczny jest du\u017cy udzia\u0142 mieszka\u0144 o du\u017cym metra\u017cu (powy\u017cej 90 metr\u00f3w kwadratowych). We wszystkich miastach dominuje metra\u017c 38-60 metr\u00f3w kwadratowych.<\/p>\n<div class=\"wp-image-article\"><img loading=\"lazy\" decoding=\"async\" data-attachment-id=\"760\" data-permalink=\"https:\/\/blog.rentier.io\/analiza-rynku-mieszkan-na-wynajem-w-polsce\/attachment\/10\/\" data-orig-file=\"https:\/\/blog.rentier.io\/wp-content\/uploads\/2018\/10\/10.png\" data-orig-size=\"672,480\" data-comments-opened=\"1\" data-image-meta=\"{&quot;aperture&quot;:&quot;0&quot;,&quot;credit&quot;:&quot;&quot;,&quot;camera&quot;:&quot;&quot;,&quot;caption&quot;:&quot;&quot;,&quot;created_timestamp&quot;:&quot;0&quot;,&quot;copyright&quot;:&quot;&quot;,&quot;focal_length&quot;:&quot;0&quot;,&quot;iso&quot;:&quot;0&quot;,&quot;shutter_speed&quot;:&quot;0&quot;,&quot;title&quot;:&quot;&quot;,&quot;orientation&quot;:&quot;0&quot;}\" data-image-title=\"10\" data-image-description=\"\" data-image-caption=\"\" data-large-file=\"https:\/\/blog.rentier.io\/wp-content\/uploads\/2018\/10\/10.png\" class=\"aligncenter wp-image-760 size-full\" title=\"analiza rynku mieszka\u0144\" src=\"https:\/\/blog.rentier.io\/wp-content\/uploads\/2018\/10\/10.png\" alt=\"analiza rynku mieszka\u0144\" width=\"672\" height=\"480\" srcset=\"https:\/\/blog.rentier.io\/wp-content\/uploads\/2018\/10\/10.png 672w, https:\/\/blog.rentier.io\/wp-content\/uploads\/2018\/10\/10-300x214.png 300w\" sizes=\"auto, (max-width: 672px) 100vw, 672px\" \/><\/div>\n<div>\n<p>Poni\u017cej przedstawiono zale\u017cno\u015b\u0107 ceny od liczby pokoi za pomoc\u0105 wykres\u00f3w pude\u0142kowych. Gruba pozioma linia w \u015brodku pude\u0142ka oznacza median\u0119 ceny miesi\u0119cznego wynajmu mieszkania dla danej liczby pokoi. Wyra\u017anie wida\u0107, \u017ce im wi\u0119ksza liczba pokoi, tym mediana ceny za wynajem jest wy\u017csza. Pude\u0142ko, w kt\u00f3rym zaznaczona jest mediana, pokazuje 50% \u015brodkowych obserwacji. Wyra\u017anie wida\u0107, \u017ce dla mniejszej liczby pokoi ceny s\u0105 bardziej zbli\u017cone do siebie. Im wi\u0119ksza liczba pokoi, tym wi\u0119ksze zr\u00f3\u017cnicowanie cenowe \u015brodkowych pi\u0119\u0107dziesi\u0119ciu procent obserwacji.<\/p>\n<p>Cienka pionowa linia przedstawia zakres cenowy dla danej liczby pokoi. Jej dolny koniec przedstawia cen\u0119 minimaln\u0105, a g\u00f3rny &#8211; cen\u0119 maksymaln\u0105. Tak istotne r\u00f3\u017cnice cenowe w przypadku mieszka\u0144 4- i wi\u0119cej pokojowych wynikaj\u0105 zapewne w g\u0142\u00f3wnej mierze z metra\u017cu tych mieszka\u0144. Wskazuje na to wcze\u015bniejszy wykres pokazuj\u0105cy, \u017ce oferowana cena za metr koncentruje si\u0119 w przedziale 40-60 PLN\/m2. Zatem wy\u017csza cena sugerowa\u0142aby wi\u0119kszy metra\u017c mieszkania. Wp\u0142yw na cen\u0119 oczywi\u015bcie b\u0119d\u0105 mia\u0142y r\u00f3wnie\u017c czynniki takie jak standard wyko\u0144czenia, typ budynku czy lokalizacja.<\/p>\n<div class=\"wp-image-article\"><img loading=\"lazy\" decoding=\"async\" data-attachment-id=\"761\" data-permalink=\"https:\/\/blog.rentier.io\/analiza-rynku-mieszkan-na-wynajem-w-polsce\/attachment\/11\/\" data-orig-file=\"https:\/\/blog.rentier.io\/wp-content\/uploads\/2018\/10\/11.png\" data-orig-size=\"672,480\" data-comments-opened=\"1\" data-image-meta=\"{&quot;aperture&quot;:&quot;0&quot;,&quot;credit&quot;:&quot;&quot;,&quot;camera&quot;:&quot;&quot;,&quot;caption&quot;:&quot;&quot;,&quot;created_timestamp&quot;:&quot;0&quot;,&quot;copyright&quot;:&quot;&quot;,&quot;focal_length&quot;:&quot;0&quot;,&quot;iso&quot;:&quot;0&quot;,&quot;shutter_speed&quot;:&quot;0&quot;,&quot;title&quot;:&quot;&quot;,&quot;orientation&quot;:&quot;0&quot;}\" data-image-title=\"11\" data-image-description=\"\" data-image-caption=\"\" data-large-file=\"https:\/\/blog.rentier.io\/wp-content\/uploads\/2018\/10\/11.png\" class=\"aligncenter wp-image-761 size-full\" title=\"analiza rynku mieszka\u0144\" src=\"https:\/\/blog.rentier.io\/wp-content\/uploads\/2018\/10\/11.png\" alt=\"analiza rynku mieszka\u0144\" width=\"672\" height=\"480\" srcset=\"https:\/\/blog.rentier.io\/wp-content\/uploads\/2018\/10\/11.png 672w, https:\/\/blog.rentier.io\/wp-content\/uploads\/2018\/10\/11-300x214.png 300w\" sizes=\"auto, (max-width: 672px) 100vw, 672px\" \/><\/div>\n<div>\n<p>Poni\u017cszy wykres przedstawia wielko\u015b\u0107 mieszkania w zale\u017cno\u015bci od liczby pokoi. Jak wida\u0107 mediana dla mieszkania 4 pokojowego to \u00a0110 metr\u00f3w, natomiast zdarzaj\u0105 si\u0119 r\u00f3wnie\u017c mieszkania 60 czy 70 metrowe z tak\u0105 liczb\u0105 pokoj\u00f3w. Co ciekawe du\u017co cz\u0119\u015bciej zdarzaj\u0105 si\u0119 mieszkania 7 pokojowe o powierzchni mniejszej ni\u017c 150 metr\u00f3w ni\u017c w przypadku mieszka\u0144 6 pokojowych.<\/p>\n<div class=\"wp-image-article\"><img loading=\"lazy\" decoding=\"async\" data-attachment-id=\"762\" data-permalink=\"https:\/\/blog.rentier.io\/analiza-rynku-mieszkan-na-wynajem-w-polsce\/attachment\/12\/\" data-orig-file=\"https:\/\/blog.rentier.io\/wp-content\/uploads\/2018\/10\/12.png\" data-orig-size=\"672,480\" data-comments-opened=\"1\" data-image-meta=\"{&quot;aperture&quot;:&quot;0&quot;,&quot;credit&quot;:&quot;&quot;,&quot;camera&quot;:&quot;&quot;,&quot;caption&quot;:&quot;&quot;,&quot;created_timestamp&quot;:&quot;0&quot;,&quot;copyright&quot;:&quot;&quot;,&quot;focal_length&quot;:&quot;0&quot;,&quot;iso&quot;:&quot;0&quot;,&quot;shutter_speed&quot;:&quot;0&quot;,&quot;title&quot;:&quot;&quot;,&quot;orientation&quot;:&quot;0&quot;}\" data-image-title=\"12\" data-image-description=\"\" data-image-caption=\"\" data-large-file=\"https:\/\/blog.rentier.io\/wp-content\/uploads\/2018\/10\/12.png\" class=\"aligncenter wp-image-762 size-full\" title=\"analiza rynku mieszka\u0144\" src=\"https:\/\/blog.rentier.io\/wp-content\/uploads\/2018\/10\/12.png\" alt=\"analiza rynku mieszka\u0144\" width=\"672\" height=\"480\" srcset=\"https:\/\/blog.rentier.io\/wp-content\/uploads\/2018\/10\/12.png 672w, https:\/\/blog.rentier.io\/wp-content\/uploads\/2018\/10\/12-300x214.png 300w\" sizes=\"auto, (max-width: 672px) 100vw, 672px\" \/><\/div>\n<div>\n<p>Cena wynajmu w rozbiciu na poszczeg\u00f3lne miasta w zale\u017cno\u015bci od liczby pokoi. Warto zwr\u00f3ci\u0107 uwag\u0119, i\u017c na wygl\u0105d poni\u017cszych wykres\u00f3w du\u017cy wp\u0142yw mia\u0142y r\u00f3\u017cne liczno\u015bci ofert wynajmu mieszkania dost\u0119pnych na rynku w ostatnim p\u00f3\u0142roczu dla poszczeg\u00f3lnych miast i liczby pokoi.<\/p>\n<div class=\"wp-image-article\"><img loading=\"lazy\" decoding=\"async\" data-attachment-id=\"763\" data-permalink=\"https:\/\/blog.rentier.io\/analiza-rynku-mieszkan-na-wynajem-w-polsce\/attachment\/13\/\" data-orig-file=\"https:\/\/blog.rentier.io\/wp-content\/uploads\/2018\/10\/13.png\" data-orig-size=\"672,480\" data-comments-opened=\"1\" data-image-meta=\"{&quot;aperture&quot;:&quot;0&quot;,&quot;credit&quot;:&quot;&quot;,&quot;camera&quot;:&quot;&quot;,&quot;caption&quot;:&quot;&quot;,&quot;created_timestamp&quot;:&quot;0&quot;,&quot;copyright&quot;:&quot;&quot;,&quot;focal_length&quot;:&quot;0&quot;,&quot;iso&quot;:&quot;0&quot;,&quot;shutter_speed&quot;:&quot;0&quot;,&quot;title&quot;:&quot;&quot;,&quot;orientation&quot;:&quot;0&quot;}\" data-image-title=\"13\" data-image-description=\"\" data-image-caption=\"\" data-large-file=\"https:\/\/blog.rentier.io\/wp-content\/uploads\/2018\/10\/13.png\" class=\"aligncenter wp-image-763 size-full\" title=\"analiza rynku mieszka\u0144\" src=\"https:\/\/blog.rentier.io\/wp-content\/uploads\/2018\/10\/13.png\" alt=\"analiza rynku mieszka\u0144\" width=\"672\" height=\"480\" srcset=\"https:\/\/blog.rentier.io\/wp-content\/uploads\/2018\/10\/13.png 672w, https:\/\/blog.rentier.io\/wp-content\/uploads\/2018\/10\/13-300x214.png 300w\" sizes=\"auto, (max-width: 672px) 100vw, 672px\" \/><\/div>\n<div>\n<p>Cena wynajmu w zale\u017cno\u015bci od wielko\u015bci mieszkania:<\/p>\n<div class=\"wp-image-article\"><img loading=\"lazy\" decoding=\"async\" data-attachment-id=\"764\" data-permalink=\"https:\/\/blog.rentier.io\/analiza-rynku-mieszkan-na-wynajem-w-polsce\/attachment\/14\/\" data-orig-file=\"https:\/\/blog.rentier.io\/wp-content\/uploads\/2018\/10\/14.png\" data-orig-size=\"672,480\" data-comments-opened=\"1\" data-image-meta=\"{&quot;aperture&quot;:&quot;0&quot;,&quot;credit&quot;:&quot;&quot;,&quot;camera&quot;:&quot;&quot;,&quot;caption&quot;:&quot;&quot;,&quot;created_timestamp&quot;:&quot;0&quot;,&quot;copyright&quot;:&quot;&quot;,&quot;focal_length&quot;:&quot;0&quot;,&quot;iso&quot;:&quot;0&quot;,&quot;shutter_speed&quot;:&quot;0&quot;,&quot;title&quot;:&quot;&quot;,&quot;orientation&quot;:&quot;0&quot;}\" data-image-title=\"14\" data-image-description=\"\" data-image-caption=\"\" data-large-file=\"https:\/\/blog.rentier.io\/wp-content\/uploads\/2018\/10\/14.png\" class=\"aligncenter wp-image-764 size-full\" title=\"analiza rynku mieszka\u0144\" src=\"https:\/\/blog.rentier.io\/wp-content\/uploads\/2018\/10\/14.png\" alt=\"analiza rynku mieszka\u0144\" width=\"672\" height=\"480\" srcset=\"https:\/\/blog.rentier.io\/wp-content\/uploads\/2018\/10\/14.png 672w, https:\/\/blog.rentier.io\/wp-content\/uploads\/2018\/10\/14-300x214.png 300w\" sizes=\"auto, (max-width: 672px) 100vw, 672px\" \/><\/div>\n<div>\n<p>Analiza ceny za metr kwadratowy. W przypadku mieszka\u0144 o mniejszym metra\u017cu, cena za metr kwadratowy maleje wraz ze wzrostem metra\u017cu. Jednak w przypadku wi\u0119kszych mieszka\u0144 zaczyna nieznacznie wzrasta\u0107.<\/p>\n<div class=\"wp-image-article\"><img loading=\"lazy\" decoding=\"async\" data-attachment-id=\"765\" data-permalink=\"https:\/\/blog.rentier.io\/analiza-rynku-mieszkan-na-wynajem-w-polsce\/attachment\/15\/\" data-orig-file=\"https:\/\/blog.rentier.io\/wp-content\/uploads\/2018\/10\/15.png\" data-orig-size=\"672,480\" data-comments-opened=\"1\" data-image-meta=\"{&quot;aperture&quot;:&quot;0&quot;,&quot;credit&quot;:&quot;&quot;,&quot;camera&quot;:&quot;&quot;,&quot;caption&quot;:&quot;&quot;,&quot;created_timestamp&quot;:&quot;0&quot;,&quot;copyright&quot;:&quot;&quot;,&quot;focal_length&quot;:&quot;0&quot;,&quot;iso&quot;:&quot;0&quot;,&quot;shutter_speed&quot;:&quot;0&quot;,&quot;title&quot;:&quot;&quot;,&quot;orientation&quot;:&quot;0&quot;}\" data-image-title=\"15\" data-image-description=\"\" data-image-caption=\"\" data-large-file=\"https:\/\/blog.rentier.io\/wp-content\/uploads\/2018\/10\/15.png\" class=\"aligncenter wp-image-765 size-full\" title=\"analiza rynku mieszka\u0144\" src=\"https:\/\/blog.rentier.io\/wp-content\/uploads\/2018\/10\/15.png\" alt=\"analiza rynku mieszka\u0144\" width=\"672\" height=\"480\" srcset=\"https:\/\/blog.rentier.io\/wp-content\/uploads\/2018\/10\/15.png 672w, https:\/\/blog.rentier.io\/wp-content\/uploads\/2018\/10\/15-300x214.png 300w\" sizes=\"auto, (max-width: 672px) 100vw, 672px\" \/><\/div>\n<div>\n<p>Niniejsza analiza rynku mieszka\u0144 na wynajem pokazuje ciekaw\u0105 zale\u017cno\u015b\u0107, kt\u00f3ra wyra\u017anie wida\u0107 na poni\u017cszym przybli\u017ceniu. Cena za metr kwadratowy maleje w przypadku mieszka\u0144 o metra\u017cu mniejszym, ni\u017c 65 metr\u00f3w kwadratowych. W przypadku mieszka\u0144 wi\u0119kszych zaczyna ju\u017c wzrasta\u0107.<\/p>\n<div class=\"wp-image-article\"><img loading=\"lazy\" decoding=\"async\" data-attachment-id=\"766\" data-permalink=\"https:\/\/blog.rentier.io\/analiza-rynku-mieszkan-na-wynajem-w-polsce\/attachment\/16\/\" data-orig-file=\"https:\/\/blog.rentier.io\/wp-content\/uploads\/2018\/10\/16.png\" data-orig-size=\"672,480\" data-comments-opened=\"1\" data-image-meta=\"{&quot;aperture&quot;:&quot;0&quot;,&quot;credit&quot;:&quot;&quot;,&quot;camera&quot;:&quot;&quot;,&quot;caption&quot;:&quot;&quot;,&quot;created_timestamp&quot;:&quot;0&quot;,&quot;copyright&quot;:&quot;&quot;,&quot;focal_length&quot;:&quot;0&quot;,&quot;iso&quot;:&quot;0&quot;,&quot;shutter_speed&quot;:&quot;0&quot;,&quot;title&quot;:&quot;&quot;,&quot;orientation&quot;:&quot;0&quot;}\" data-image-title=\"16\" data-image-description=\"\" data-image-caption=\"\" data-large-file=\"https:\/\/blog.rentier.io\/wp-content\/uploads\/2018\/10\/16.png\" class=\"aligncenter wp-image-766 size-full\" title=\"analiza rynku mieszka\u0144\" src=\"https:\/\/blog.rentier.io\/wp-content\/uploads\/2018\/10\/16.png\" alt=\"analiza rynku mieszka\u0144\" width=\"672\" height=\"480\" srcset=\"https:\/\/blog.rentier.io\/wp-content\/uploads\/2018\/10\/16.png 672w, https:\/\/blog.rentier.io\/wp-content\/uploads\/2018\/10\/16-300x214.png 300w\" sizes=\"auto, (max-width: 672px) 100vw, 672px\" \/><\/div>\n<div>\n<p>Na poni\u017cszym wykresie przedstawiono cen\u0119 za metr kwadratowy w zale\u017cno\u015bci od liczby pokoi. Zielona prosta to \u015brednia cena za metr kwadratowy, a czarna &#8211; mediana.<\/p>\n<div class=\"wp-image-article\"><img loading=\"lazy\" decoding=\"async\" data-attachment-id=\"767\" data-permalink=\"https:\/\/blog.rentier.io\/analiza-rynku-mieszkan-na-wynajem-w-polsce\/attachment\/17\/\" data-orig-file=\"https:\/\/blog.rentier.io\/wp-content\/uploads\/2018\/10\/17.png\" data-orig-size=\"672,480\" data-comments-opened=\"1\" data-image-meta=\"{&quot;aperture&quot;:&quot;0&quot;,&quot;credit&quot;:&quot;&quot;,&quot;camera&quot;:&quot;&quot;,&quot;caption&quot;:&quot;&quot;,&quot;created_timestamp&quot;:&quot;0&quot;,&quot;copyright&quot;:&quot;&quot;,&quot;focal_length&quot;:&quot;0&quot;,&quot;iso&quot;:&quot;0&quot;,&quot;shutter_speed&quot;:&quot;0&quot;,&quot;title&quot;:&quot;&quot;,&quot;orientation&quot;:&quot;0&quot;}\" data-image-title=\"17\" data-image-description=\"\" data-image-caption=\"\" data-large-file=\"https:\/\/blog.rentier.io\/wp-content\/uploads\/2018\/10\/17.png\" class=\"aligncenter wp-image-767 size-full\" title=\"analiza rynku mieszka\u0144\" src=\"https:\/\/blog.rentier.io\/wp-content\/uploads\/2018\/10\/17.png\" alt=\"analiza rynku mieszka\u0144\" width=\"672\" height=\"480\" srcset=\"https:\/\/blog.rentier.io\/wp-content\/uploads\/2018\/10\/17.png 672w, https:\/\/blog.rentier.io\/wp-content\/uploads\/2018\/10\/17-300x214.png 300w\" sizes=\"auto, (max-width: 672px) 100vw, 672px\" \/><\/div>\n<div>\n<p>Nast\u0119pnie przeprowadzono analiz\u0119 miast. Na wykresie przedstawiono median\u0119 ceny wynajmu mieszkania w przeliczeniu na metr kwadratowy.<\/p>\n<div class=\"wp-image-article\"><img loading=\"lazy\" decoding=\"async\" data-attachment-id=\"768\" data-permalink=\"https:\/\/blog.rentier.io\/analiza-rynku-mieszkan-na-wynajem-w-polsce\/attachment\/18\/\" data-orig-file=\"https:\/\/blog.rentier.io\/wp-content\/uploads\/2018\/10\/18.png\" data-orig-size=\"672,480\" data-comments-opened=\"1\" data-image-meta=\"{&quot;aperture&quot;:&quot;0&quot;,&quot;credit&quot;:&quot;&quot;,&quot;camera&quot;:&quot;&quot;,&quot;caption&quot;:&quot;&quot;,&quot;created_timestamp&quot;:&quot;0&quot;,&quot;copyright&quot;:&quot;&quot;,&quot;focal_length&quot;:&quot;0&quot;,&quot;iso&quot;:&quot;0&quot;,&quot;shutter_speed&quot;:&quot;0&quot;,&quot;title&quot;:&quot;&quot;,&quot;orientation&quot;:&quot;0&quot;}\" data-image-title=\"18\" data-image-description=\"\" data-image-caption=\"\" data-large-file=\"https:\/\/blog.rentier.io\/wp-content\/uploads\/2018\/10\/18.png\" class=\"aligncenter wp-image-768 size-full\" title=\"analiza rynku mieszka\u0144\" src=\"https:\/\/blog.rentier.io\/wp-content\/uploads\/2018\/10\/18.png\" alt=\"analiza rynku mieszka\u0144\" width=\"672\" height=\"480\" srcset=\"https:\/\/blog.rentier.io\/wp-content\/uploads\/2018\/10\/18.png 672w, https:\/\/blog.rentier.io\/wp-content\/uploads\/2018\/10\/18-300x214.png 300w\" sizes=\"auto, (max-width: 672px) 100vw, 672px\" \/><\/div>\n<div>\n<p>Kolejny wykres przedstawia \u015bredni\u0105 powierzchni\u0119 mieszkania wed\u0142ug miasta.<\/p>\n<div class=\"wp-image-article\"><img loading=\"lazy\" decoding=\"async\" data-attachment-id=\"769\" data-permalink=\"https:\/\/blog.rentier.io\/analiza-rynku-mieszkan-na-wynajem-w-polsce\/attachment\/19\/\" data-orig-file=\"https:\/\/blog.rentier.io\/wp-content\/uploads\/2018\/10\/19.png\" data-orig-size=\"672,480\" data-comments-opened=\"1\" data-image-meta=\"{&quot;aperture&quot;:&quot;0&quot;,&quot;credit&quot;:&quot;&quot;,&quot;camera&quot;:&quot;&quot;,&quot;caption&quot;:&quot;&quot;,&quot;created_timestamp&quot;:&quot;0&quot;,&quot;copyright&quot;:&quot;&quot;,&quot;focal_length&quot;:&quot;0&quot;,&quot;iso&quot;:&quot;0&quot;,&quot;shutter_speed&quot;:&quot;0&quot;,&quot;title&quot;:&quot;&quot;,&quot;orientation&quot;:&quot;0&quot;}\" data-image-title=\"19\" data-image-description=\"\" data-image-caption=\"\" data-large-file=\"https:\/\/blog.rentier.io\/wp-content\/uploads\/2018\/10\/19.png\" class=\"aligncenter wp-image-769 size-full\" title=\"analiza rynku mieszka\u0144\" src=\"https:\/\/blog.rentier.io\/wp-content\/uploads\/2018\/10\/19.png\" alt=\"analiza rynku mieszka\u0144\" width=\"672\" height=\"480\" srcset=\"https:\/\/blog.rentier.io\/wp-content\/uploads\/2018\/10\/19.png 672w, https:\/\/blog.rentier.io\/wp-content\/uploads\/2018\/10\/19-300x214.png 300w\" sizes=\"auto, (max-width: 672px) 100vw, 672px\" \/><\/div>\n<div>\n<p>Na podstawie powy\u017cszych wykres\u00f3w wida\u0107, \u017ce w Warszawie najcz\u0119\u015bciej oferowane s\u0105 mieszkania nieznacznie wi\u0119ksze \u00a0i po wy\u017cszej cenie za metr ni\u017c w pozosta\u0142ych analizowanych miastach. W efekcie powoduje to, \u017ce Warszawa jest najdro\u017cszym miastem w Polsce je\u015bli chodzi o rynek wynajmu.<\/p>\n<div>\n<div>Algorytm Rentier.io analizuje \u0142\u0105cznie ponad 40 wska\u017anik\u00f3w, danych makro i mikroekonomicznych oraz parametr\u00f3w, dzi\u0119ki kt\u00f3rym przysz\u0142y w\u0142a\u015bciciel mieszkania lub inwestor, kupuj\u0105cy mieszkania pod wynajem, w ci\u0105gu zaledwie kilku minut mo\u017ce por\u00f3wna\u0107 oferty zakupu nieruchomo\u015bci oraz wybra\u0107 najlepsz\u0105 z punktu widzenia atrakcyjno\u015bci inwestycyjnej. Platforma w wi\u0119kszo\u015bci powy\u017cszych przypadk\u00f3w sama agreguje niezb\u0119dne informacje, dane i parametry inwestycji, wymagaj\u0105c od u\u017cytkownika tylko uzupe\u0142nienia indywidualnych danych, np. okresu kredytowania.<\/div>\n<\/div>\n<\/div>\n<\/div>\n<\/div>\n<\/div>\n<\/div>\n<\/div>\n<\/div>\n<\/div>\n<\/div>\n<\/div>\n<\/div>\n<\/div>\n<\/div>\n<\/div>\n<\/div>\n<\/div>\n<\/div>\n<\/div>\n","protected":false},"excerpt":{"rendered":"<p>Poni\u017csza analiza rynku mieszka\u0144 na wynajem zosta\u0142a przygotowana dla danych dotycz\u0105cych og\u0142osze\u0144 mieszka\u0144 na wynajem w kilku najwi\u0119kszych miastach Polski za okres od czerwca do wrze\u015bnia 2018. Je\u015bli jeste\u015b zainteresowany raportem za p\u00f3\u017aniejszy okres kliknij i zapoznaj si\u0119 z analiz\u0105 rynku mieszka\u0144 za okres od pa\u017adziernika do grudnia 2018. Algorytm Rentiera pracuje na danych dotycz\u0105cych [&hellip;]<\/p>\n","protected":false},"author":264387176,"featured_media":781,"comment_status":"open","ping_status":"open","sticky":false,"template":"","format":"standard","meta":{"advanced_seo_description":"","jetpack_seo_html_title":"","jetpack_seo_noindex":false,"_jetpack_memberships_contains_paid_content":false,"footnotes":"","jetpack_publicize_message":"","jetpack_publicize_feature_enabled":true,"jetpack_social_post_already_shared":false,"jetpack_social_options":{"image_generator_settings":{"template":"fullscreen","default_image_id":0,"font":"","enabled":false},"version":2},"_wpas_customize_per_network":false},"categories":[1361],"tags":[1387,1388,1413,1430,1431,1442],"class_list":["post-745","post","type-post","status-publish","format-standard","has-post-thumbnail","hentry","category-raporty-rentownosci","tag-inwestowanie","tag-inwestycje","tag-nieruchomosci","tag-rentownosc","tag-rentownosc-najmu","tag-wynajem"],"jetpack_publicize_connections":[],"jetpack_featured_media_url":"https:\/\/blog.rentier.io\/wp-content\/uploads\/2018\/10\/analytics-colored-pencils-coloured-pencils-185576-1.jpg","jetpack_likes_enabled":true,"jetpack_sharing_enabled":true,"jetpack_shortlink":"https:\/\/wp.me\/pgteHY-c1","jetpack-related-posts":[],"_links":{"self":[{"href":"https:\/\/blog.rentier.io\/wp-json\/wp\/v2\/posts\/745","targetHints":{"allow":["GET"]}}],"collection":[{"href":"https:\/\/blog.rentier.io\/wp-json\/wp\/v2\/posts"}],"about":[{"href":"https:\/\/blog.rentier.io\/wp-json\/wp\/v2\/types\/post"}],"author":[{"embeddable":true,"href":"https:\/\/blog.rentier.io\/wp-json\/wp\/v2\/users\/264387176"}],"replies":[{"embeddable":true,"href":"https:\/\/blog.rentier.io\/wp-json\/wp\/v2\/comments?post=745"}],"version-history":[{"count":0,"href":"https:\/\/blog.rentier.io\/wp-json\/wp\/v2\/posts\/745\/revisions"}],"wp:featuredmedia":[{"embeddable":true,"href":"https:\/\/blog.rentier.io\/wp-json\/wp\/v2\/media\/781"}],"wp:attachment":[{"href":"https:\/\/blog.rentier.io\/wp-json\/wp\/v2\/media?parent=745"}],"wp:term":[{"taxonomy":"category","embeddable":true,"href":"https:\/\/blog.rentier.io\/wp-json\/wp\/v2\/categories?post=745"},{"taxonomy":"post_tag","embeddable":true,"href":"https:\/\/blog.rentier.io\/wp-json\/wp\/v2\/tags?post=745"}],"curies":[{"name":"wp","href":"https:\/\/api.w.org\/{rel}","templated":true}]}}